{"id":949,"date":"2019-12-30T18:40:29","date_gmt":"2019-12-30T16:40:29","guid":{"rendered":"https:\/\/www.tres.fi\/?p=949"},"modified":"2019-12-30T18:40:29","modified_gmt":"2019-12-30T16:40:29","slug":"tulentekopaiva-lauantaina-04-01-2020","status":"publish","type":"post","link":"https:\/\/www.tres.fi\/?p=949","title":{"rendered":"Tulentekop\u00e4iv\u00e4 lauantaina 04.01.2020"},"content":{"rendered":"<p>04.01.2020 Tulentekop\u00e4iv\u00e4 Teiskon takametsiss\u00e4, ei osallistumismaksua. Ilmoittautumiset Tero Ahtee, tensu-\u00e4t-iki.fi .<\/p>\n<p>&nbsp;<\/p>\n<p>Pirkanmaan reservipiirien Maastotoimikunta j\u00e4rjest\u00e4\u00e4 loppiaisviikonlopun aluksi Tulenteko-teemap\u00e4iv\u00e4n.<\/p>\n<p>Kokeillaan ja vertaillaan erilaisia sytytyspaloja, sek\u00e4 tietenkin tulentekoa pelk\u00e4ll\u00e4 puukolla ja tulitikuilla.<\/p>\n<p>Voidaan kokeilla my\u00f6s erilaisia retkeilyty\u00f6kaluja ja tilap\u00e4ismajoitteita.<\/p>\n<p>Aloitetaan lauantaina kello 1000, ja touhutaan ainakin p\u00e4iv\u00e4n valoisa aika perusleirityyppisesti.<\/p>\n<p>Paikalla voi my\u00f6s maastoy\u00f6py\u00e4 pe-la tai la-su, mik\u00e4li haluaa testailla omia varusteitaan.<\/p>\n<p>HINTA: ei osallistumismaksua, eli ilmainen.<\/p>\n<p>Kysy tarkempi kokoontumispaikka: Tero Ahtee, <a href=\"mailto:tensu@iki.fi\">tensu@iki.fi<\/a> .<\/p>\n<p><a href=\"https:\/\/www.tres.fi\/wp-content\/uploads\/2019\/12\/tultek-040120-mai.jpg\"><img loading=\"lazy\" decoding=\"async\" class=\"alignnone size-large wp-image-950\" src=\"https:\/\/www.tres.fi\/wp-content\/uploads\/2019\/12\/tultek-040120-mai-1024x724.jpg\" alt=\"\" width=\"750\" height=\"530\" srcset=\"https:\/\/www.tres.fi\/wp-content\/uploads\/2019\/12\/tultek-040120-mai-1024x724.jpg 1024w, https:\/\/www.tres.fi\/wp-content\/uploads\/2019\/12\/tultek-040120-mai-300x212.jpg 300w, https:\/\/www.tres.fi\/wp-content\/uploads\/2019\/12\/tultek-040120-mai-768x543.jpg 768w, https:\/\/www.tres.fi\/wp-content\/uploads\/2019\/12\/tultek-040120-mai-1536x1086.jpg 1536w, https:\/\/www.tres.fi\/wp-content\/uploads\/2019\/12\/tultek-040120-mai-2048x1448.jpg 2048w\" sizes=\"auto, (max-width: 750px) 100vw, 750px\" \/><\/a><\/p>\n","protected":false},"excerpt":{"rendered":"<p>04.01.2020 Tulentekop\u00e4iv\u00e4 Teiskon takametsiss\u00e4, ei osallistumismaksua. Ilmoittautumiset Tero Ahtee, tensu-\u00e4t-iki.fi . &nbsp; Pirkanmaan reservipiirien Maastotoimikunta j\u00e4rjest\u00e4\u00e4 loppiaisviikonlopun aluksi Tulenteko-teemap\u00e4iv\u00e4n. Kokeillaan ja vertaillaan erilaisia sytytyspaloja, sek\u00e4 tietenkin tulentekoa pelk\u00e4ll\u00e4 puukolla ja tulitikuilla. Voidaan kokeilla my\u00f6s erilaisia retkeilyty\u00f6kaluja ja tilap\u00e4ismajoitteita. Aloitetaan lauantaina<\/p>\n","protected":false},"author":1,"featured_media":950,"comment_status":"closed","ping_status":"closed","sticky":false,"template":"","format":"standard","meta":{"footnotes":""},"categories":[5],"tags":[],"class_list":["post-949","post","type-post","status-publish","format-standard","has-post-thumbnail","hentry","category-maasto"],"_links":{"self":[{"href":"https:\/\/www.tres.fi\/index.php?rest_route=\/wp\/v2\/posts\/949","targetHints":{"allow":["GET"]}}],"collection":[{"href":"https:\/\/www.tres.fi\/index.php?rest_route=\/wp\/v2\/posts"}],"about":[{"href":"https:\/\/www.tres.fi\/index.php?rest_route=\/wp\/v2\/types\/post"}],"author":[{"embeddable":true,"href":"https:\/\/www.tres.fi\/index.php?rest_route=\/wp\/v2\/users\/1"}],"replies":[{"embeddable":true,"href":"https:\/\/www.tres.fi\/index.php?rest_route=%2Fwp%2Fv2%2Fcomments&post=949"}],"version-history":[{"count":3,"href":"https:\/\/www.tres.fi\/index.php?rest_route=\/wp\/v2\/posts\/949\/revisions"}],"predecessor-version":[{"id":955,"href":"https:\/\/www.tres.fi\/index.php?rest_route=\/wp\/v2\/posts\/949\/revisions\/955"}],"wp:featuredmedia":[{"embeddable":true,"href":"https:\/\/www.tres.fi\/index.php?rest_route=\/wp\/v2\/media\/950"}],"wp:attachment":[{"href":"https:\/\/www.tres.fi\/index.php?rest_route=%2Fwp%2Fv2%2Fmedia&parent=949"}],"wp:term":[{"taxonomy":"category","embeddable":true,"href":"https:\/\/www.tres.fi\/index.php?rest_route=%2Fwp%2Fv2%2Fcategories&post=949"},{"taxonomy":"post_tag","embeddable":true,"href":"https:\/\/www.tres.fi\/index.php?rest_route=%2Fwp%2Fv2%2Ftags&post=949"}],"curies":[{"name":"wp","href":"https:\/\/api.w.org\/{rel}","templated":true}]}}