{"id":713,"date":"2019-01-03T11:33:41","date_gmt":"2019-01-03T09:33:41","guid":{"rendered":"https:\/\/www.tres.fi\/?p=713"},"modified":"2019-01-03T11:38:38","modified_gmt":"2019-01-03T09:38:38","slug":"talvitaidot-01-03-02-2019-pirkkalassa","status":"publish","type":"post","link":"https:\/\/www.tres.fi\/?p=713","title":{"rendered":"Talvitaidot 01-03.02.2019 Pirkkalassa"},"content":{"rendered":"\n<p>\nMPK Pirkanmaa\/H\u00e4me ja Pirkanmaan reservipiirien Maastotoimikunta j\u00e4rjest\u00e4v\u00e4t:<br><br>\nTalvitaidot 01-03.02.2019 Pirkkalassa<br><br><br>\nTavoite<br><br>\nKurssin j\u00e4lkeen osallistujat osaavat varautua ja toimia maastossa \nkylm\u00e4n\u00e4 vuodenaikana. Kurssin j\u00e4lkeen osallistujat tuntevat kylm\u00e4n \nvuodenajan aiheuttamat haasteet maastotoiminnassa yksil\u00f6n ja ryhm\u00e4n \nkannalta.<br><br>\nSis\u00e4lt\u00f6<br><br>\nOsaatko toimia joukon mukana lumessa ja pakkasessa, tai haluatko kerrata perustaitojasi ja vahvistaa itseluottamustasi ?<br><br>\nEt pelk\u00e4\u00e4 pime\u00e4\u00e4 ? Ymm\u00e4rr\u00e4t ett\u00e4 nuotiotuli on yst\u00e4v\u00e4si eik\u00e4 talvella loppujen lopuksi paljon muuta tarvitakaan ?<br><br>\nKiinnostaako talvisten retki- ja er\u00e4taitojen opettelu, perusleirin \nl\u00e4hettyvill\u00e4 ? Haluatko tehd\u00e4 omin k\u00e4sin kintsin eli lumikammin, ja \nkenties y\u00f6py\u00e4 sellaisessa (s\u00e4\u00e4varaus) ?<br><br>\nMit\u00e4 tapahtuu Talvitaidoilla; perjantaina teoriaosuuden j\u00e4lkeen \nsiirryt\u00e4\u00e4n maastoon (sukset helpottavat liikkumista, jos on lunta). \nY\u00f6pymist\u00e4 varten on puolijoukkueteltta, mutta erilaisten \ntilap\u00e4ismajoitteiden tekoon saa opastusta jos sellaisia haluaa itse \nkokeilla.<br><br>\nLauantaina p\u00e4iv\u00e4 ja ilta toimitaan leirin l\u00e4hiymp\u00e4rist\u00f6ss\u00e4 erilaisia \ntalvisia maastojuttuja opetellen ja harjoitellen. Y\u00f6 on siis \nvapaavalintaisessa majoituksessa, puolijoukkueteltan tai kevytpressun \nv\u00e4lill\u00e4, arvatenkin hieman s\u00e4\u00e4tilan mukaan (vuosien saatossa keli \nTalvitaidoilla on vaihdellut vesisateesta -25 asteen pakkasiin).<br><br>\nSunnuntaina jatketaan talvisten maastoasioiden parissa, kunnes iltap\u00e4iv\u00e4ll\u00e4 palataan ihmisten ilmoille.<br><br>\nYleis\u00f6n pyynn\u00f6st\u00e4 mukana on nyt my\u00f6s kylm\u00e4n vuodenajan selviytymisen \nasioita (tavanomaisia suomalaisia er\u00e4ilytaitoja, ei mit\u00e4\u00e4n ekstriimi\u00e4 \nellet itse halua).<br><br>\nTalvitaidot sopii my\u00f6s omien maastovaatteiden ja -varusteiden \nhallittuihin talvikokeiluihin. Halutessaan saa k\u00e4ytt\u00e4\u00e4 omia \nmajoitteitaan (neuvoja ja opastusta saa).<br><br>\nVARUSTEET: tukipyynt\u00f6\u00f6n kirjataan mm. p\u00e4\u00e4llysvaatetus, pakkassaappaat, \nmakuualusta, makuupussi ja sukset. Tarkempi varustelista l\u00e4hetet\u00e4\u00e4n \nilmoittautuneille, samoin kuin omien varusteiden vinkkilista.<br><br>\nIlmoittautumiset: <a rel=\"noreferrer noopener\" target=\"_blank\" href=\"http:\/\/www.mpk.fi\">www.mpk.fi<\/a><br><br>\nHinta: 50,00 EUR.<br><br>\nKoulutuspaikka: Satakunnan Lennosto, Pirkkala.<br><br>\nLis\u00e4tietoja: Tero Ahtee, <a href=\"mailto:tensu@iki.fi\">tensu@iki.fi<\/a> .\n\n<\/p>\n\n\n\n<figure class=\"wp-block-image\"><img loading=\"lazy\" decoding=\"async\" width=\"1024\" height=\"724\" src=\"https:\/\/www.tres.fi\/wp-content\/uploads\/2019\/01\/taltai-2019-1024x724.jpg\" alt=\"\" class=\"wp-image-714\" srcset=\"https:\/\/www.tres.fi\/wp-content\/uploads\/2019\/01\/taltai-2019-1024x724.jpg 1024w, https:\/\/www.tres.fi\/wp-content\/uploads\/2019\/01\/taltai-2019-300x212.jpg 300w, https:\/\/www.tres.fi\/wp-content\/uploads\/2019\/01\/taltai-2019-768x543.jpg 768w\" sizes=\"auto, (max-width: 1024px) 100vw, 1024px\" \/><\/figure>\n","protected":false},"excerpt":{"rendered":"<p>MPK Pirkanmaa\/H\u00e4me ja Pirkanmaan reservipiirien Maastotoimikunta j\u00e4rjest\u00e4v\u00e4t: Talvitaidot 01-03.02.2019 Pirkkalassa Tavoite Kurssin j\u00e4lkeen osallistujat osaavat varautua ja toimia maastossa kylm\u00e4n\u00e4 vuodenaikana. Kurssin j\u00e4lkeen osallistujat tuntevat kylm\u00e4n vuodenajan aiheuttamat haasteet maastotoiminnassa yksil\u00f6n ja ryhm\u00e4n kannalta. Sis\u00e4lt\u00f6 Osaatko toimia joukon mukana lumessa<\/p>\n","protected":false},"author":1,"featured_media":714,"comment_status":"closed","ping_status":"closed","sticky":false,"template":"","format":"standard","meta":{"footnotes":""},"categories":[5],"tags":[],"class_list":["post-713","post","type-post","status-publish","format-standard","has-post-thumbnail","hentry","category-maasto"],"_links":{"self":[{"href":"https:\/\/www.tres.fi\/index.php?rest_route=\/wp\/v2\/posts\/713","targetHints":{"allow":["GET"]}}],"collection":[{"href":"https:\/\/www.tres.fi\/index.php?rest_route=\/wp\/v2\/posts"}],"about":[{"href":"https:\/\/www.tres.fi\/index.php?rest_route=\/wp\/v2\/types\/post"}],"author":[{"embeddable":true,"href":"https:\/\/www.tres.fi\/index.php?rest_route=\/wp\/v2\/users\/1"}],"replies":[{"embeddable":true,"href":"https:\/\/www.tres.fi\/index.php?rest_route=%2Fwp%2Fv2%2Fcomments&post=713"}],"version-history":[{"count":1,"href":"https:\/\/www.tres.fi\/index.php?rest_route=\/wp\/v2\/posts\/713\/revisions"}],"predecessor-version":[{"id":715,"href":"https:\/\/www.tres.fi\/index.php?rest_route=\/wp\/v2\/posts\/713\/revisions\/715"}],"wp:featuredmedia":[{"embeddable":true,"href":"https:\/\/www.tres.fi\/index.php?rest_route=\/wp\/v2\/media\/714"}],"wp:attachment":[{"href":"https:\/\/www.tres.fi\/index.php?rest_route=%2Fwp%2Fv2%2Fmedia&parent=713"}],"wp:term":[{"taxonomy":"category","embeddable":true,"href":"https:\/\/www.tres.fi\/index.php?rest_route=%2Fwp%2Fv2%2Fcategories&post=713"},{"taxonomy":"post_tag","embeddable":true,"href":"https:\/\/www.tres.fi\/index.php?rest_route=%2Fwp%2Fv2%2Ftags&post=713"}],"curies":[{"name":"wp","href":"https:\/\/api.w.org\/{rel}","templated":true}]}}