{"id":542,"date":"2018-02-11T12:20:18","date_gmt":"2018-02-11T10:20:18","guid":{"rendered":"https:\/\/www.tres.fi\/?p=542"},"modified":"2018-04-23T12:26:06","modified_gmt":"2018-04-23T10:26:06","slug":"kevattalkoot-6-5-2018","status":"publish","type":"post","link":"https:\/\/www.tres.fi\/?p=542","title":{"rendered":"Kev\u00e4ttalkoot 6.5.2018"},"content":{"rendered":"<p><strong>Kev\u00e4inen tervehdys!<\/strong><\/p>\n<p>Reservil\u00e4iset ker\u00e4\u00e4ntyv\u00e4t <strong>6.5.2018<\/strong>\u00a0 klo <strong>10 -16<\/strong> Sillanp\u00e4\u00e4n-majalle kev\u00e4isiin talkoisiin. Tavoitteena on saada her\u00e4tetty\u00e4 maja kev\u00e4\u00e4seen. Teht\u00e4v\u00e4\u00e4 on pienist\u00e4 askareista isompiin projekteihin. Tilanteen ja osallistujien mukaan:<\/p>\n<p>-haravointia<\/p>\n<p>-r\u00e4nnien puhdistus<\/p>\n<p>-yleissiivous tuvassa, ikkunoiden pesu<\/p>\n<p>-vessojen kev\u00e4thuolto ja pesu<\/p>\n<p>-kaadettujen p\u00f6llien halkomista<\/p>\n<p>&nbsp;<\/p>\n<p>Kukin saa osallistua oman kunnon ja jaksamisen mukaan. Perinteisesti talkoolaisille tarjotaan ruoka, kahvit ja sauna.<\/p>\n<p>Ilmoittaudu toimistolle: <a href=\"mailto:toimisto@tampereenreservilaiset.fi\">toimisto@tampereenreservilaiset.fi<\/a> , 044 512 4477<\/p>\n<p>Tervetuloa mukaan vaikka koko perheen voimin!<\/p>\n<p><a href=\"https:\/\/www.tres.fi\/wp-content\/uploads\/2018\/04\/WP_20150618_017.jpg\"><img loading=\"lazy\" decoding=\"async\" class=\"alignnone size-full wp-image-544\" src=\"https:\/\/www.tres.fi\/wp-content\/uploads\/2018\/04\/WP_20150618_017.jpg\" alt=\"\" width=\"600\" height=\"337\" srcset=\"https:\/\/www.tres.fi\/wp-content\/uploads\/2018\/04\/WP_20150618_017.jpg 600w, https:\/\/www.tres.fi\/wp-content\/uploads\/2018\/04\/WP_20150618_017-300x169.jpg 300w\" sizes=\"auto, (max-width: 600px) 100vw, 600px\" \/><\/a><\/p>\n","protected":false},"excerpt":{"rendered":"<p>Kev\u00e4inen tervehdys! Reservil\u00e4iset ker\u00e4\u00e4ntyv\u00e4t 6.5.2018\u00a0 klo 10 -16 Sillanp\u00e4\u00e4n-majalle kev\u00e4isiin talkoisiin. Tavoitteena on saada her\u00e4tetty\u00e4 maja kev\u00e4\u00e4seen. Teht\u00e4v\u00e4\u00e4 on pienist\u00e4 askareista isompiin projekteihin. Tilanteen ja osallistujien mukaan: -haravointia -r\u00e4nnien puhdistus -yleissiivous tuvassa, ikkunoiden pesu -vessojen kev\u00e4thuolto ja pesu -kaadettujen p\u00f6llien<\/p>\n","protected":false},"author":1,"featured_media":544,"comment_status":"closed","ping_status":"closed","sticky":false,"template":"","format":"standard","meta":{"footnotes":""},"categories":[10],"tags":[],"class_list":["post-542","post","type-post","status-publish","format-standard","has-post-thumbnail","hentry","category-maja"],"_links":{"self":[{"href":"https:\/\/www.tres.fi\/index.php?rest_route=\/wp\/v2\/posts\/542","targetHints":{"allow":["GET"]}}],"collection":[{"href":"https:\/\/www.tres.fi\/index.php?rest_route=\/wp\/v2\/posts"}],"about":[{"href":"https:\/\/www.tres.fi\/index.php?rest_route=\/wp\/v2\/types\/post"}],"author":[{"embeddable":true,"href":"https:\/\/www.tres.fi\/index.php?rest_route=\/wp\/v2\/users\/1"}],"replies":[{"embeddable":true,"href":"https:\/\/www.tres.fi\/index.php?rest_route=%2Fwp%2Fv2%2Fcomments&post=542"}],"version-history":[{"count":2,"href":"https:\/\/www.tres.fi\/index.php?rest_route=\/wp\/v2\/posts\/542\/revisions"}],"predecessor-version":[{"id":545,"href":"https:\/\/www.tres.fi\/index.php?rest_route=\/wp\/v2\/posts\/542\/revisions\/545"}],"wp:featuredmedia":[{"embeddable":true,"href":"https:\/\/www.tres.fi\/index.php?rest_route=\/wp\/v2\/media\/544"}],"wp:attachment":[{"href":"https:\/\/www.tres.fi\/index.php?rest_route=%2Fwp%2Fv2%2Fmedia&parent=542"}],"wp:term":[{"taxonomy":"category","embeddable":true,"href":"https:\/\/www.tres.fi\/index.php?rest_route=%2Fwp%2Fv2%2Fcategories&post=542"},{"taxonomy":"post_tag","embeddable":true,"href":"https:\/\/www.tres.fi\/index.php?rest_route=%2Fwp%2Fv2%2Ftags&post=542"}],"curies":[{"name":"wp","href":"https:\/\/api.w.org\/{rel}","templated":true}]}}