{"id":493,"date":"2018-02-19T10:24:41","date_gmt":"2018-02-19T08:24:41","guid":{"rendered":"https:\/\/www.tres.fi\/?p=493"},"modified":"2018-02-19T10:24:41","modified_gmt":"2018-02-19T08:24:41","slug":"vierailu-eduskunnan-puolustusvaliokuntaan-ja-varustelekaan-16-5-2018","status":"publish","type":"post","link":"https:\/\/www.tres.fi\/?p=493","title":{"rendered":"VIERAILU EDUSKUNNAN PUOLUSTUSVALIOKUNTAAN JA VARUSTELEKAAN 16.5.2018"},"content":{"rendered":"<p><span class=\"fontstyle0\">Tampereen Reservil\u00e4iset j\u00e4rjest\u00e4\u00e4 Helsinkiin suuntautuvan tutustumismatkan keskiviikkona 16.5.2018. Matka alkaa klo 9.30 Vanhan kirkon edest\u00e4 Liuttu Logistiikan kalustolla. Suuntaamme ensin Varustelekaan, <\/span><span class=\"fontstyle0\">jossa tapaamme yrityksen perustajan ja sielun <\/span><span class=\"fontstyle3\">Valtteri Lindholmin<\/span><span class=\"fontstyle0\">. H\u00e4n kertoo Euroopan suurimman armeijan ylij\u00e4\u00e4m\u00e4tavaran myyj\u00e4n tarinan. Samalla voimme nauttia kahvila-baari Sotiman antimista. T\u00e4m\u00e4n j\u00e4lkeen meill\u00e4 on tilaisuus hankkia Varustelekan myym\u00e4l\u00e4n valtavasta valikoimasta tarvittavaa varustusta 10 % alennuksella kaikista normaalihinnoista.<br \/>\n<\/span><\/p>\n<p><span class=\"fontstyle0\">Varustelekan j\u00e4lkeen suuntaamme klo 15 puolustusvaliokunnan puheenjohtajan <\/span><span class=\"fontstyle3\">Ilkka Kanervan <\/span><span class=\"fontstyle0\">vieraaksi eduskuntataloon. Kuulemme ajankohtaiset puolustusasiat sek\u00e4 voimme antaa palautetta aiheeseen liittyen. Samalla on hyv\u00e4 katsastaa juuri perusteellisesta remontista kuoriutunut Eduskuntatalo. Paluumatka alkaa arviolta klo 17 maissa.<\/span><\/p>\n<p><span class=\"fontstyle0\">Matkan hinta on 25 euroa ja mukaan mahtuu 30 ensimm\u00e4isen\u00e4 ilmoittautunutta.<br \/>\nILMOITTAUTUMISET OSOITTEESEEN:<br \/>\ntoimisto@tampereenreservilaiset.f tai 044 512 4477.<br \/>\nVaraus vahvistuu vasta maksamalla 25 euroa yhdistyksen tilille<br \/>\nFI8720461800136905. Viestiin osallistujan\/-jien nimi\/-et.<\/span><\/p>\n","protected":false},"excerpt":{"rendered":"<p>Tampereen Reservil\u00e4iset j\u00e4rjest\u00e4\u00e4 Helsinkiin suuntautuvan tutustumismatkan keskiviikkona 16.5.2018. Matka alkaa klo 9.30 Vanhan kirkon edest\u00e4 Liuttu Logistiikan kalustolla. Suuntaamme ensin Varustelekaan, jossa tapaamme yrityksen perustajan ja sielun Valtteri Lindholmin. H\u00e4n kertoo Euroopan suurimman armeijan ylij\u00e4\u00e4m\u00e4tavaran myyj\u00e4n tarinan. Samalla voimme nauttia<\/p>\n","protected":false},"author":1,"featured_media":0,"comment_status":"closed","ping_status":"closed","sticky":false,"template":"","format":"standard","meta":{"footnotes":""},"categories":[3],"tags":[],"class_list":["post-493","post","type-post","status-publish","format-standard","hentry","category-yleinen"],"_links":{"self":[{"href":"https:\/\/www.tres.fi\/index.php?rest_route=\/wp\/v2\/posts\/493","targetHints":{"allow":["GET"]}}],"collection":[{"href":"https:\/\/www.tres.fi\/index.php?rest_route=\/wp\/v2\/posts"}],"about":[{"href":"https:\/\/www.tres.fi\/index.php?rest_route=\/wp\/v2\/types\/post"}],"author":[{"embeddable":true,"href":"https:\/\/www.tres.fi\/index.php?rest_route=\/wp\/v2\/users\/1"}],"replies":[{"embeddable":true,"href":"https:\/\/www.tres.fi\/index.php?rest_route=%2Fwp%2Fv2%2Fcomments&post=493"}],"version-history":[{"count":1,"href":"https:\/\/www.tres.fi\/index.php?rest_route=\/wp\/v2\/posts\/493\/revisions"}],"predecessor-version":[{"id":494,"href":"https:\/\/www.tres.fi\/index.php?rest_route=\/wp\/v2\/posts\/493\/revisions\/494"}],"wp:attachment":[{"href":"https:\/\/www.tres.fi\/index.php?rest_route=%2Fwp%2Fv2%2Fmedia&parent=493"}],"wp:term":[{"taxonomy":"category","embeddable":true,"href":"https:\/\/www.tres.fi\/index.php?rest_route=%2Fwp%2Fv2%2Fcategories&post=493"},{"taxonomy":"post_tag","embeddable":true,"href":"https:\/\/www.tres.fi\/index.php?rest_route=%2Fwp%2Fv2%2Ftags&post=493"}],"curies":[{"name":"wp","href":"https:\/\/api.w.org\/{rel}","templated":true}]}}