{"id":2326,"date":"2026-04-27T09:47:36","date_gmt":"2026-04-27T07:47:36","guid":{"rendered":"https:\/\/www.tres.fi\/?p=2326"},"modified":"2026-04-27T09:48:41","modified_gmt":"2026-04-27T07:48:41","slug":"toukokuun-jasentapahtuma-ti-12-5-klo-12-00-19-00-tapahtuma-sotilasilmailusta-ammatti","status":"publish","type":"post","link":"https:\/\/www.tres.fi\/?p=2326","title":{"rendered":"Toukokuun j\u00e4sentapahtuma ti 12.5. klo 12.00 &#8211; 19.00 Tapahtuma: Sotilasilmailusta ammatti"},"content":{"rendered":"<div data-olk-copy-source=\"MessageBody\">\n<p>Tampereen Reservil\u00e4iset vierailevat Sotilasilmailusta ammatti -tapahtumassa 12.5. 2026.<\/p>\n<\/div>\n<div data-olk-copy-source=\"MessageBody\"><a href=\"https:\/\/www.tres.fi\/wp-content\/uploads\/2026\/04\/Sotilasimailusta-ammatti2026.png\"><img loading=\"lazy\" decoding=\"async\" class=\"alignnone wp-image-2327\" src=\"https:\/\/www.tres.fi\/wp-content\/uploads\/2026\/04\/Sotilasimailusta-ammatti2026-300x300.png\" alt=\"\" width=\"638\" height=\"638\" srcset=\"https:\/\/www.tres.fi\/wp-content\/uploads\/2026\/04\/Sotilasimailusta-ammatti2026-300x300.png 300w, https:\/\/www.tres.fi\/wp-content\/uploads\/2026\/04\/Sotilasimailusta-ammatti2026-150x150.png 150w, https:\/\/www.tres.fi\/wp-content\/uploads\/2026\/04\/Sotilasimailusta-ammatti2026-768x769.png 768w, https:\/\/www.tres.fi\/wp-content\/uploads\/2026\/04\/Sotilasimailusta-ammatti2026-270x270.png 270w, https:\/\/www.tres.fi\/wp-content\/uploads\/2026\/04\/Sotilasimailusta-ammatti2026-230x230.png 230w, https:\/\/www.tres.fi\/wp-content\/uploads\/2026\/04\/Sotilasimailusta-ammatti2026.png 932w\" sizes=\"auto, (max-width: 638px) 100vw, 638px\" \/><\/a><\/div>\n<div data-olk-copy-source=\"MessageBody\">\n<p>Tapahtuma on j\u00e4rjestetty yhteisty\u00f6ss\u00e4 ilmavoimien kanssa.Maan\u00e4yttely on avoinna lentokoulutuskeskuksen tontilla klo 12.00 &#8211; 19.00 Pirkkalassa.<\/p>\n<p><strong>Alueella ei ole lainkaan pys\u00e4k\u00f6intitilaa vieraille, mutta Tampereen Messukeskuksen (Pirkkahalli) edest\u00e4 on p\u00e4iv\u00e4n aikana jatkuva ilmainen edestakainen bussikuljetus alueelle<\/strong>.<\/p>\n<p>Maan\u00e4yttelyss\u00e4 vieraita palvelevat sotilaskoti munkkikahveineen ja Leijona Catering, joka myy hernekeittoa ja grillimakkaraa.\u00a0Maan\u00e4yttelyn alueella on runsaasti tilaa, joten tapahtumaan mahtuvat kaikki halukkaat. Lentokent\u00e4ll\u00e4 on eduksi tuulen pit\u00e4v\u00e4 vaatetus.<\/p>\n<p><strong>P\u00e4iv\u00e4n ohjelmassa on kaksi lenton\u00e4yt\u00f6st\u00e4, klo 13.00 ja klo 17.00 alkaen.<\/strong><br \/>\nMonipuolisessa esityksess\u00e4 ovat mukana:<\/p>\n<p>HW-soolo, Woikoski-yhtym\u00e4n Saab Safir, Pilatus yhteyskone, NH-90 helikopteri, Midnight Hawks taitolentoryhm\u00e4, ja HN-soolo.<br \/>\nN\u00e4ytt\u00e4v\u00e4 lenton\u00e4yt\u00f6s lennet\u00e4\u00e4n ns. t\u00e4ysill\u00e4, joten omat kuulosuojaimet ovat eduksi. J\u00e4rjest\u00e4j\u00e4t jakavat paikalla korvatulppia. Lenton\u00e4yt\u00f6st\u00e4 pystyy seuraamaan my\u00f6s Tampere &#8211; Pirkkalan lentoasemalta.<br \/>\nLenton\u00e4yt\u00f6ksiss\u00e4 on aina s\u00e4\u00e4varaus.<\/p>\n<p>Ilmoittautumisia ei tarvita.<\/p>\n<p>Tervetuloa<\/p>\n<\/div>\n<p><!--more--><\/p>\n","protected":false},"excerpt":{"rendered":"<p>Tampereen Reservil\u00e4iset vierailevat Sotilasilmailusta ammatti -tapahtumassa 12.5. 2026. Tapahtuma on j\u00e4rjestetty yhteisty\u00f6ss\u00e4 ilmavoimien kanssa.Maan\u00e4yttely on avoinna lentokoulutuskeskuksen tontilla klo 12.00 &#8211; 19.00 Pirkkalassa. Alueella ei ole lainkaan pys\u00e4k\u00f6intitilaa vieraille, mutta Tampereen Messukeskuksen (Pirkkahalli) edest\u00e4 on p\u00e4iv\u00e4n aikana jatkuva ilmainen edestakainen<\/p>\n","protected":false},"author":9,"featured_media":2327,"comment_status":"closed","ping_status":"closed","sticky":false,"template":"","format":"standard","meta":{"footnotes":""},"categories":[3],"tags":[],"class_list":["post-2326","post","type-post","status-publish","format-standard","has-post-thumbnail","hentry","category-yleinen"],"_links":{"self":[{"href":"https:\/\/www.tres.fi\/index.php?rest_route=\/wp\/v2\/posts\/2326","targetHints":{"allow":["GET"]}}],"collection":[{"href":"https:\/\/www.tres.fi\/index.php?rest_route=\/wp\/v2\/posts"}],"about":[{"href":"https:\/\/www.tres.fi\/index.php?rest_route=\/wp\/v2\/types\/post"}],"author":[{"embeddable":true,"href":"https:\/\/www.tres.fi\/index.php?rest_route=\/wp\/v2\/users\/9"}],"replies":[{"embeddable":true,"href":"https:\/\/www.tres.fi\/index.php?rest_route=%2Fwp%2Fv2%2Fcomments&post=2326"}],"version-history":[{"count":3,"href":"https:\/\/www.tres.fi\/index.php?rest_route=\/wp\/v2\/posts\/2326\/revisions"}],"predecessor-version":[{"id":2330,"href":"https:\/\/www.tres.fi\/index.php?rest_route=\/wp\/v2\/posts\/2326\/revisions\/2330"}],"wp:featuredmedia":[{"embeddable":true,"href":"https:\/\/www.tres.fi\/index.php?rest_route=\/wp\/v2\/media\/2327"}],"wp:attachment":[{"href":"https:\/\/www.tres.fi\/index.php?rest_route=%2Fwp%2Fv2%2Fmedia&parent=2326"}],"wp:term":[{"taxonomy":"category","embeddable":true,"href":"https:\/\/www.tres.fi\/index.php?rest_route=%2Fwp%2Fv2%2Fcategories&post=2326"},{"taxonomy":"post_tag","embeddable":true,"href":"https:\/\/www.tres.fi\/index.php?rest_route=%2Fwp%2Fv2%2Ftags&post=2326"}],"curies":[{"name":"wp","href":"https:\/\/api.w.org\/{rel}","templated":true}]}}