{"id":1620,"date":"2022-12-29T15:11:28","date_gmt":"2022-12-29T13:11:28","guid":{"rendered":"https:\/\/www.tres.fi\/?p=1620"},"modified":"2023-01-03T15:12:15","modified_gmt":"2023-01-03T13:12:15","slug":"talvitaitojen-teemailta-zoom-vepinaarina-09-01-2023","status":"publish","type":"post","link":"https:\/\/www.tres.fi\/?p=1620","title":{"rendered":"Talvitaitojen teemailta Zoom-vepinaarina  09.01.2023"},"content":{"rendered":"<div class=\"x_x_FluidPluginCopy x_x_ContentPasted0\">Talvitaitojen teemailta Zoom-vepinaarina<\/div>\n<div class=\"x_x_FluidPluginCopy x_x_ContentPasted0\">maanantaina 09.01.2023 klo 1900-21.<\/div>\n<div class=\"x_x_FluidPluginCopy\"><\/div>\n<div class=\"x_x_FluidPluginCopy x_x_ContentPasted0\">Ei tarvitse ilmoittautua, ei osallistumismaksua.<\/div>\n<div class=\"x_x_FluidPluginCopy\"><\/div>\n<div class=\"x_x_FluidPluginCopy x_x_ContentPasted0\">Linkki = \u00a0https:\/\/tuni.zoom.us\/j\/66536331510<\/div>\n<div class=\"x_x_FluidPluginCopy x_x_ContentPasted0\">odotushuone (waiting room) on k\u00e4yt\u00f6ss\u00e4.<\/div>\n<div class=\"x_x_FluidPluginCopy\"><\/div>\n<div class=\"x_x_FluidPluginCopy\"><\/div>\n<div class=\"x_x_FluidPluginCopy\">\n<p><span class=\"x_x_FluidPluginCopy x_x_ContentPasted0 x_FluidPluginCopy x_ContentPasted1\">J\u00e4rjest\u00e4j\u00e4n\u00e4 yhteisty\u00f6ss\u00e4:<\/span><\/p>\n<div class=\"x_x_FluidPluginCopy x_x_ContentPasted0 x_FluidPluginCopy x_ContentPasted1\">&#8211; Pirkanmaan reservipiirien Maastotoimikunta<\/div>\n<p><span class=\"x_x_FluidPluginCopy x_x_ContentPasted0 x_FluidPluginCopy x_ContentPasted1\">&#8211; Tampereen reservil\u00e4iset. <\/span><\/p>\n<\/div>\n<div class=\"x_x_FluidPluginCopy\"><\/div>\n<div class=\"x_x_FluidPluginCopy x_x_ContentPasted0\">Lis\u00e4tietoja: Tero Ahtee, tensu@iki.fi .<\/div>\n<div class=\"x_x_FluidPluginCopy\"><\/div>\n<div class=\"x_x_FluidPluginCopy\"><\/div>\n","protected":false},"excerpt":{"rendered":"<p>Talvitaitojen teemailta Zoom-vepinaarina maanantaina 09.01.2023 klo 1900-21. Ei tarvitse ilmoittautua, ei osallistumismaksua. Linkki = \u00a0https:\/\/tuni.zoom.us\/j\/66536331510 odotushuone (waiting room) on k\u00e4yt\u00f6ss\u00e4. J\u00e4rjest\u00e4j\u00e4n\u00e4 yhteisty\u00f6ss\u00e4: &#8211; Pirkanmaan reservipiirien Maastotoimikunta &#8211; Tampereen reservil\u00e4iset. Lis\u00e4tietoja: Tero Ahtee, tensu@iki.fi .<\/p>\n","protected":false},"author":1,"featured_media":0,"comment_status":"closed","ping_status":"closed","sticky":false,"template":"","format":"standard","meta":{"footnotes":""},"categories":[5],"tags":[],"class_list":["post-1620","post","type-post","status-publish","format-standard","hentry","category-maasto"],"_links":{"self":[{"href":"https:\/\/www.tres.fi\/index.php?rest_route=\/wp\/v2\/posts\/1620","targetHints":{"allow":["GET"]}}],"collection":[{"href":"https:\/\/www.tres.fi\/index.php?rest_route=\/wp\/v2\/posts"}],"about":[{"href":"https:\/\/www.tres.fi\/index.php?rest_route=\/wp\/v2\/types\/post"}],"author":[{"embeddable":true,"href":"https:\/\/www.tres.fi\/index.php?rest_route=\/wp\/v2\/users\/1"}],"replies":[{"embeddable":true,"href":"https:\/\/www.tres.fi\/index.php?rest_route=%2Fwp%2Fv2%2Fcomments&post=1620"}],"version-history":[{"count":2,"href":"https:\/\/www.tres.fi\/index.php?rest_route=\/wp\/v2\/posts\/1620\/revisions"}],"predecessor-version":[{"id":1622,"href":"https:\/\/www.tres.fi\/index.php?rest_route=\/wp\/v2\/posts\/1620\/revisions\/1622"}],"wp:attachment":[{"href":"https:\/\/www.tres.fi\/index.php?rest_route=%2Fwp%2Fv2%2Fmedia&parent=1620"}],"wp:term":[{"taxonomy":"category","embeddable":true,"href":"https:\/\/www.tres.fi\/index.php?rest_route=%2Fwp%2Fv2%2Fcategories&post=1620"},{"taxonomy":"post_tag","embeddable":true,"href":"https:\/\/www.tres.fi\/index.php?rest_route=%2Fwp%2Fv2%2Ftags&post=1620"}],"curies":[{"name":"wp","href":"https:\/\/api.w.org\/{rel}","templated":true}]}}