{"id":1590,"date":"2022-11-08T07:09:04","date_gmt":"2022-11-08T05:09:04","guid":{"rendered":"https:\/\/www.tres.fi\/?p=1590"},"modified":"2022-11-11T14:11:26","modified_gmt":"2022-11-11T12:11:26","slug":"itsenaisyyspaivan-tilaisuudet-tampereella","status":"publish","type":"post","link":"https:\/\/www.tres.fi\/?p=1590","title":{"rendered":"Itsen\u00e4isyysp\u00e4iv\u00e4n tilaisuudet Tampereella"},"content":{"rendered":"<p>KUNNIANOSOITUS- JA SEPPELEENLASKUTILAISUUS TALVISODAN HENKI-MUISTOMERKILL\u00c4 JA ITSEN\u00c4ISYYSP\u00c4IV\u00c4N MARSSI KALEVANKANKAALLE<\/p>\n<p>Lippu- ja kunniavartio-osastomme osallistuu Tampereen Kansalaisjuhlatoimikunnan organisoimiin Itsen\u00e4isyysp\u00e4iv\u00e4n kunniak\u00e4ynteihin ja seppeleen laskuihin Talvisodan Henki muistomerkill\u00e4 ja Kalevankankaan hautausmaalla 6.12.2022.<\/p>\n<p>L\u00e4hde kantamaan tai vartioimaan lippua 105-vuotisen itsen\u00e4isyytemme kunniaksi!<\/p>\n<p>Ilmoittautuminen ja tiedustelut: juhakumpu(a)hotmail.com tai 040 7157 994.<\/p>\n<p>Aikataulu:<\/p>\n<p>Klo 9.30 Kokoontuminen reservil\u00e4istoimistolla, V\u00e4in\u00f6l\u00e4nkatu 2<\/p>\n<p>&nbsp;<\/p>\n<p>Emil Aaltosen puisto Tammelantorin it\u00e4puolella:<br \/>\n9.45 Kokoontuminen ja j\u00e4rjest\u00e4ytyminen<br \/>\n10.00 Lipputervehdys, seppeleenlasku ja Sillanp\u00e4\u00e4n marssilaulu kaksi ensimm\u00e4ist\u00e4 s\u00e4keist\u00f6\u00e4 sek\u00e4 J\u00e4\u00e4k\u00e4rin marssi<br \/>\n10.10 Marssi Kalevankankaalle, reitill\u00e4: Emil Aaltosen puisto \u2013 Tammelan puistokatu \u2013 Yliopistonkatu \u2013 Kalevantie \u2013 Kalevankankaan hautausmaan p\u00e4\u00e4portti<\/p>\n<p>Marssij\u00e4rjestys:<\/p>\n<ul>\n<li>Marssiosaston johtaja<\/li>\n<li>Suomen lippu ja airueet<\/li>\n<li>Kansalaisj\u00e4rjest\u00f6jen lippulinna (j\u00e4rjest\u00f6jen lippu ja kantaja sek\u00e4 kaksi lippuvartijaa\/lippu)<\/li>\n<li>Rumpalit<\/li>\n<li>Sotilaspukuisten marssiosasto<\/li>\n<li>Siviiliasuisten marssiosasto<\/li>\n<li>Rauhanturvaajien marssiosasto<\/li>\n<li>Tampereen Seudun Ratsuv\u00e4enkilta ry \/ H\u00e4meen Eskadroonan osasto ratsuin, jos eiv\u00e4t osallistu valtakunnalliseen paraatiin<\/li>\n<\/ul>\n<p>Kalevankankaan hautausmaan p\u00e4\u00e4portille saapumisen j\u00e4lkeen lipuista muodostetaan lippulinna ilman lippuvartioita, jotta kaikki liput saadaan sankarihaudoilla sankarihautojen eteen riviin. Lippuvartijat siirtyv\u00e4t marssiosastoihin, jotka siirtyv\u00e4t johdetusti lippulinnan j\u00e4ljess\u00e4 sankarihautojen etupuolelle ja lippurivist\u00f6n taakse.<\/p>\n<p>10.45 Siirtyminen p\u00e4\u00e4portilta sankarihaudalle, jossa juhlatilaisuus klo 11.00 erillisen ohjelman mukaisesti<\/p>\n<p>11.45 Ohimarssi Kalevan lukion kohdalla Kalevan puistotiell\u00e4 reitill\u00e4: Kalevantie \u2013<\/p>\n<p>Salhojankatu \u2013 Kalevan puistotie \u2013 Sammonkatu \u2013 Kalevan kirkko<\/p>\n<p>12.00 Jumalanpalvelus Kalevan kirkossa<\/p>\n<p>&nbsp;<\/p>\n","protected":false},"excerpt":{"rendered":"<p>KUNNIANOSOITUS- JA SEPPELEENLASKUTILAISUUS TALVISODAN HENKI-MUISTOMERKILL\u00c4 JA ITSEN\u00c4ISYYSP\u00c4IV\u00c4N MARSSI KALEVANKANKAALLE Lippu- ja kunniavartio-osastomme osallistuu Tampereen Kansalaisjuhlatoimikunnan organisoimiin Itsen\u00e4isyysp\u00e4iv\u00e4n kunniak\u00e4ynteihin ja seppeleen laskuihin Talvisodan Henki muistomerkill\u00e4 ja Kalevankankaan hautausmaalla 6.12.2022. L\u00e4hde kantamaan tai vartioimaan lippua 105-vuotisen itsen\u00e4isyytemme kunniaksi! Ilmoittautuminen ja tiedustelut: juhakumpu(a)hotmail.com<\/p>\n","protected":false},"author":1,"featured_media":732,"comment_status":"closed","ping_status":"closed","sticky":false,"template":"","format":"standard","meta":{"footnotes":""},"categories":[9],"tags":[],"class_list":["post-1590","post","type-post","status-publish","format-standard","has-post-thumbnail","hentry","category-lippu-ja-kunniavartio"],"_links":{"self":[{"href":"https:\/\/www.tres.fi\/index.php?rest_route=\/wp\/v2\/posts\/1590","targetHints":{"allow":["GET"]}}],"collection":[{"href":"https:\/\/www.tres.fi\/index.php?rest_route=\/wp\/v2\/posts"}],"about":[{"href":"https:\/\/www.tres.fi\/index.php?rest_route=\/wp\/v2\/types\/post"}],"author":[{"embeddable":true,"href":"https:\/\/www.tres.fi\/index.php?rest_route=\/wp\/v2\/users\/1"}],"replies":[{"embeddable":true,"href":"https:\/\/www.tres.fi\/index.php?rest_route=%2Fwp%2Fv2%2Fcomments&post=1590"}],"version-history":[{"count":3,"href":"https:\/\/www.tres.fi\/index.php?rest_route=\/wp\/v2\/posts\/1590\/revisions"}],"predecessor-version":[{"id":1593,"href":"https:\/\/www.tres.fi\/index.php?rest_route=\/wp\/v2\/posts\/1590\/revisions\/1593"}],"wp:featuredmedia":[{"embeddable":true,"href":"https:\/\/www.tres.fi\/index.php?rest_route=\/wp\/v2\/media\/732"}],"wp:attachment":[{"href":"https:\/\/www.tres.fi\/index.php?rest_route=%2Fwp%2Fv2%2Fmedia&parent=1590"}],"wp:term":[{"taxonomy":"category","embeddable":true,"href":"https:\/\/www.tres.fi\/index.php?rest_route=%2Fwp%2Fv2%2Fcategories&post=1590"},{"taxonomy":"post_tag","embeddable":true,"href":"https:\/\/www.tres.fi\/index.php?rest_route=%2Fwp%2Fv2%2Ftags&post=1590"}],"curies":[{"name":"wp","href":"https:\/\/api.w.org\/{rel}","templated":true}]}}