{"id":1586,"date":"2022-11-07T09:22:48","date_gmt":"2022-11-07T07:22:48","guid":{"rendered":"https:\/\/www.tres.fi\/?p=1586"},"modified":"2022-11-08T09:29:39","modified_gmt":"2022-11-08T07:29:39","slug":"drone-osaston-perustamiskokous-23-11","status":"publish","type":"post","link":"https:\/\/www.tres.fi\/?p=1586","title":{"rendered":"Drone-osaston perustamiskokous 23.11."},"content":{"rendered":"<p><strong>DRONE-OSASTO<\/strong><\/p>\n<p><strong>Tampereen Reservil\u00e4iset ry:n hallitus on p\u00e4\u00e4tt\u00e4nyt perustaa yhdistykseen Drone-osaston.<\/strong><\/p>\n<p><strong>Kutsu osaston k\u00e4ynnist\u00e4v\u00e4\u00e4n kokoukseen.<\/strong><\/p>\n<p><strong>Reservil\u00e4istoimistolla,\u00a0 V\u00e4in\u00f6l\u00e4nkatu 2.\u00a0\u00a0\u00a0 \u00a02. kerros<\/strong><\/p>\n<p><strong>keskiviikkona 23.11.\u00a0 klo 18.00.<\/strong><\/p>\n<p><strong>Toimisto sijaitsee rautatieaseman ja Tammelan torin v\u00e4liss\u00e4 ravintola Antikaa vastap\u00e4\u00e4t\u00e4.<\/strong><\/p>\n<p>&nbsp;<\/p>\n<p><strong>Tilaisuudessa:<\/strong><\/p>\n<ul>\n<li><strong>osaston j\u00e4rjest\u00e4ytyminen ja kokoontumiset<\/strong><\/li>\n<li><strong>ker\u00e4t\u00e4\u00e4n yhteystiedot tiedottamista varten<\/strong><\/li>\n<li><strong>kartoitetaan Drone-koulutuksen tarve<\/strong><\/li>\n<li><strong>ideoidaan tulevaa toimintaa <\/strong><\/li>\n<li><strong>kartoitetaan harjoituspaikat<\/strong><\/li>\n<li><strong>kalustoa ei oteta mukaan t\u00e4h\u00e4n tilaisuuteen<\/strong><\/li>\n<\/ul>\n<p><strong>Tilaisuus kest\u00e4\u00e4 reilun tunnin<\/strong><\/p>\n<p><strong>Koollekutsuja Matti Salonen<\/strong><\/p>\n<p><strong>Puh:\u00a0 040-779 1420,\u00a0\u00a0\u00a0 \u00a0<\/strong><\/p>\n<p><strong>Email:\u00a0 salosenmasa@gmail.com<\/strong><\/p>\n<p><a href=\"https:\/\/www.tres.fi\/wp-content\/uploads\/2022\/11\/technology-2589463__340.jpg\"><img loading=\"lazy\" decoding=\"async\" class=\"alignnone size-medium wp-image-1588\" src=\"https:\/\/www.tres.fi\/wp-content\/uploads\/2022\/11\/technology-2589463__340-300x225.jpg\" alt=\"\" width=\"300\" height=\"225\" srcset=\"https:\/\/www.tres.fi\/wp-content\/uploads\/2022\/11\/technology-2589463__340-300x225.jpg 300w, https:\/\/www.tres.fi\/wp-content\/uploads\/2022\/11\/technology-2589463__340.jpg 453w\" sizes=\"auto, (max-width: 300px) 100vw, 300px\" \/><\/a><\/p>\n","protected":false},"excerpt":{"rendered":"<p>DRONE-OSASTO Tampereen Reservil\u00e4iset ry:n hallitus on p\u00e4\u00e4tt\u00e4nyt perustaa yhdistykseen Drone-osaston. Kutsu osaston k\u00e4ynnist\u00e4v\u00e4\u00e4n kokoukseen. Reservil\u00e4istoimistolla,\u00a0 V\u00e4in\u00f6l\u00e4nkatu 2.\u00a0\u00a0\u00a0 \u00a02. kerros keskiviikkona 23.11.\u00a0 klo 18.00. Toimisto sijaitsee rautatieaseman ja Tammelan torin v\u00e4liss\u00e4 ravintola Antikaa vastap\u00e4\u00e4t\u00e4. &nbsp; Tilaisuudessa: osaston j\u00e4rjest\u00e4ytyminen ja kokoontumiset ker\u00e4t\u00e4\u00e4n<\/p>\n","protected":false},"author":1,"featured_media":1588,"comment_status":"closed","ping_status":"closed","sticky":false,"template":"","format":"standard","meta":{"footnotes":""},"categories":[12],"tags":[],"class_list":["post-1586","post","type-post","status-publish","format-standard","has-post-thumbnail","hentry","category-kyber-ja-drone"],"_links":{"self":[{"href":"https:\/\/www.tres.fi\/index.php?rest_route=\/wp\/v2\/posts\/1586","targetHints":{"allow":["GET"]}}],"collection":[{"href":"https:\/\/www.tres.fi\/index.php?rest_route=\/wp\/v2\/posts"}],"about":[{"href":"https:\/\/www.tres.fi\/index.php?rest_route=\/wp\/v2\/types\/post"}],"author":[{"embeddable":true,"href":"https:\/\/www.tres.fi\/index.php?rest_route=\/wp\/v2\/users\/1"}],"replies":[{"embeddable":true,"href":"https:\/\/www.tres.fi\/index.php?rest_route=%2Fwp%2Fv2%2Fcomments&post=1586"}],"version-history":[{"count":2,"href":"https:\/\/www.tres.fi\/index.php?rest_route=\/wp\/v2\/posts\/1586\/revisions"}],"predecessor-version":[{"id":1589,"href":"https:\/\/www.tres.fi\/index.php?rest_route=\/wp\/v2\/posts\/1586\/revisions\/1589"}],"wp:featuredmedia":[{"embeddable":true,"href":"https:\/\/www.tres.fi\/index.php?rest_route=\/wp\/v2\/media\/1588"}],"wp:attachment":[{"href":"https:\/\/www.tres.fi\/index.php?rest_route=%2Fwp%2Fv2%2Fmedia&parent=1586"}],"wp:term":[{"taxonomy":"category","embeddable":true,"href":"https:\/\/www.tres.fi\/index.php?rest_route=%2Fwp%2Fv2%2Fcategories&post=1586"},{"taxonomy":"post_tag","embeddable":true,"href":"https:\/\/www.tres.fi\/index.php?rest_route=%2Fwp%2Fv2%2Ftags&post=1586"}],"curies":[{"name":"wp","href":"https:\/\/api.w.org\/{rel}","templated":true}]}}