{"id":1542,"date":"2022-12-19T16:50:08","date_gmt":"2022-12-19T14:50:08","guid":{"rendered":"https:\/\/www.tres.fi\/?p=1542"},"modified":"2022-12-19T16:50:51","modified_gmt":"2022-12-19T14:50:51","slug":"tulentekopaiva-lauantaina-07-01-2023","status":"publish","type":"post","link":"https:\/\/www.tres.fi\/?p=1542","title":{"rendered":"Tulentekop\u00e4iv\u00e4 lauantaina 07.01.2023"},"content":{"rendered":"<div class=\"x_elementToProof\" dir=\"ltr\">\n<h6>Tulentekop\u00e4iv\u00e4 lauantaina 07.01.2023<\/h6>\n<div><\/div>\n<div>Pirkanmaan reservipiirien Maastotoimikunta j\u00e4rjest\u00e4\u00e4 loppiaisviikonloppuna Tulenteko-teemap\u00e4iv\u00e4n Teiskon takametsiss\u00e4.<\/div>\n<div><\/div>\n<div>Kokeillaan ja vertaillaan erilaisia sytytyspaloja ja luonnosta saatavia sytykkeit\u00e4, sek\u00e4 tietenkin tulentekoa pelk\u00e4ll\u00e4 puukolla ja tulitikuilla.<\/div>\n<div><\/div>\n<div>Aloitetaan lauantaina kello 1000, ja touhutaan ainakin p\u00e4iv\u00e4n valoisa aika perusleirityyppisesti. Omat ev\u00e4\u00e4t mukaan, tavalliseen tapaan leiriss\u00e4 on tarjolla kuumaa vett\u00e4 nuotiopaikalla.<\/div>\n<div><\/div>\n<div>Paikalla voi my\u00f6s maastoy\u00f6py\u00e4 pe-la tai la-su, mik\u00e4li haluaa testailla omia varusteitaan ja\/tai majoitteitaan. Kysy lis\u00e4\u00e4 Tensulta.<\/div>\n<div><\/div>\n<div>HINTA: ei osallistumismaksua, eli ilmainen.<\/div>\n<div><\/div>\n<div>ILMOITTAUTUMINEN: viimeist\u00e4\u00e4n 04.01.2023, ilmoittaudu ja kysy tarkempi kokoontumispaikka: Tero Ahtee, tensu@iki.fi .<\/div>\n<\/div>\n<p><a href=\"https:\/\/www.tres.fi\/wp-content\/uploads\/2022\/09\/tultek-mai-070123-c.png\"><img loading=\"lazy\" decoding=\"async\" class=\"alignnone size-medium wp-image-1543\" src=\"https:\/\/www.tres.fi\/wp-content\/uploads\/2022\/09\/tultek-mai-070123-c-300x212.png\" alt=\"\" width=\"300\" height=\"212\" srcset=\"https:\/\/www.tres.fi\/wp-content\/uploads\/2022\/09\/tultek-mai-070123-c-300x212.png 300w, https:\/\/www.tres.fi\/wp-content\/uploads\/2022\/09\/tultek-mai-070123-c-768x543.png 768w, https:\/\/www.tres.fi\/wp-content\/uploads\/2022\/09\/tultek-mai-070123-c.png 877w\" sizes=\"auto, (max-width: 300px) 100vw, 300px\" \/><\/a><\/p>\n","protected":false},"excerpt":{"rendered":"<p>Tulentekop\u00e4iv\u00e4 lauantaina 07.01.2023 Pirkanmaan reservipiirien Maastotoimikunta j\u00e4rjest\u00e4\u00e4 loppiaisviikonloppuna Tulenteko-teemap\u00e4iv\u00e4n Teiskon takametsiss\u00e4. Kokeillaan ja vertaillaan erilaisia sytytyspaloja ja luonnosta saatavia sytykkeit\u00e4, sek\u00e4 tietenkin tulentekoa pelk\u00e4ll\u00e4 puukolla ja tulitikuilla. Aloitetaan lauantaina kello 1000, ja touhutaan ainakin p\u00e4iv\u00e4n valoisa aika perusleirityyppisesti. Omat ev\u00e4\u00e4t<\/p>\n","protected":false},"author":1,"featured_media":1543,"comment_status":"closed","ping_status":"closed","sticky":false,"template":"","format":"standard","meta":{"footnotes":""},"categories":[5],"tags":[],"class_list":["post-1542","post","type-post","status-publish","format-standard","has-post-thumbnail","hentry","category-maasto"],"_links":{"self":[{"href":"https:\/\/www.tres.fi\/index.php?rest_route=\/wp\/v2\/posts\/1542","targetHints":{"allow":["GET"]}}],"collection":[{"href":"https:\/\/www.tres.fi\/index.php?rest_route=\/wp\/v2\/posts"}],"about":[{"href":"https:\/\/www.tres.fi\/index.php?rest_route=\/wp\/v2\/types\/post"}],"author":[{"embeddable":true,"href":"https:\/\/www.tres.fi\/index.php?rest_route=\/wp\/v2\/users\/1"}],"replies":[{"embeddable":true,"href":"https:\/\/www.tres.fi\/index.php?rest_route=%2Fwp%2Fv2%2Fcomments&post=1542"}],"version-history":[{"count":4,"href":"https:\/\/www.tres.fi\/index.php?rest_route=\/wp\/v2\/posts\/1542\/revisions"}],"predecessor-version":[{"id":1547,"href":"https:\/\/www.tres.fi\/index.php?rest_route=\/wp\/v2\/posts\/1542\/revisions\/1547"}],"wp:featuredmedia":[{"embeddable":true,"href":"https:\/\/www.tres.fi\/index.php?rest_route=\/wp\/v2\/media\/1543"}],"wp:attachment":[{"href":"https:\/\/www.tres.fi\/index.php?rest_route=%2Fwp%2Fv2%2Fmedia&parent=1542"}],"wp:term":[{"taxonomy":"category","embeddable":true,"href":"https:\/\/www.tres.fi\/index.php?rest_route=%2Fwp%2Fv2%2Fcategories&post=1542"},{"taxonomy":"post_tag","embeddable":true,"href":"https:\/\/www.tres.fi\/index.php?rest_route=%2Fwp%2Fv2%2Ftags&post=1542"}],"curies":[{"name":"wp","href":"https:\/\/api.w.org\/{rel}","templated":true}]}}