{"id":1275,"date":"2021-11-19T19:15:01","date_gmt":"2021-11-19T17:15:01","guid":{"rendered":"https:\/\/www.tres.fi\/?p=1275"},"modified":"2021-11-19T19:15:01","modified_gmt":"2021-11-19T17:15:01","slug":"seppeleenlasku-talvisodan-henki-muistomerkilla-ja-marssi-kalevankankaalle-6-12-2021","status":"publish","type":"post","link":"https:\/\/www.tres.fi\/?p=1275","title":{"rendered":"Seppeleenlasku Talvisodan Henki -muistomerkill\u00e4 ja marssi Kalevankankaalle 6.12.2021"},"content":{"rendered":"<p><span style=\"font-family: Times New Roman, serif;\"><span style=\"font-size: medium;\"><span lang=\"fi-FI\">L\u00e4hde kantamaan tai vartioimaan lippua 104-vuotisen itsen\u00e4isyytemme kunniaksi!<\/span><\/span><\/span><\/p>\n<p><span style=\"font-family: Times New Roman, serif;\"><span style=\"font-size: medium;\"><span lang=\"fi-FI\">Ilmoittautuminen ja tiedustelut: juhakumpu(a)hotmail.com tai 040 7157 994.<\/span><\/span><\/span><\/p>\n<p><span style=\"font-family: Times New Roman, serif;\"><span style=\"font-size: medium;\"><span lang=\"fi-FI\">Klo 10.30 Kokoontuminen reservil\u00e4istoimistolla, V\u00e4in\u00f6l\u00e4nkatu 2, Tampere<br \/>\n<\/span><\/span><\/span><\/p>\n<p><span style=\"font-family: Times New Roman, serif;\"><span style=\"font-size: medium;\"><span lang=\"fi-FI\">Emil Aaltosen puisto Tammelantorin it\u00e4puolella:<br \/>\n10.45 Kokoontuminen ja j\u00e4rjest\u00e4ytyminen<br \/>\n11.00 Lipputervehdys, seppeleenlasku ja Sillanp\u00e4\u00e4n marssilaulu kaksi ensimm\u00e4ist\u00e4 s\u00e4keist\u00f6\u00e4 sek\u00e4 J\u00e4\u00e4k\u00e4rin marssi<br \/>\n11.10 Marssi Kalevankankaalle, reitill\u00e4: Emil Aaltosen puisto \u2013 Tammelan puistokatu \u2013 Yliopistonkatu \u2013 Kalevantie \u2013 Kalevankankaan hautausmaan p\u00e4\u00e4portti<\/span><\/span><\/span><\/p>\n<p><span style=\"font-family: Times New Roman, serif;\"><span style=\"font-size: medium;\"><span lang=\"fi-FI\">Marssij\u00e4rjestys:<\/span><\/span><\/span><\/p>\n<ul>\n<li><span style=\"font-family: Times New Roman, serif;\"><span style=\"font-size: medium;\"><span lang=\"fi-FI\">Marssiosaston johtaja<\/span><\/span><\/span><\/li>\n<li><span style=\"font-family: Times New Roman, serif;\"><span style=\"font-size: medium;\"><span lang=\"fi-FI\">Suomen lippu ja airueet<\/span><\/span><\/span><\/li>\n<li><span style=\"font-family: Times New Roman, serif;\"><span style=\"font-size: medium;\"><span lang=\"fi-FI\">Kansalaisj\u00e4rjest\u00f6jen lippulinna (j\u00e4rjest\u00f6jen lippu ja kantaja sek\u00e4 kaksi lippuvartijaa\/lippu)<\/span><\/span><\/span><\/li>\n<li><span style=\"font-family: Times New Roman, serif;\"><span style=\"font-size: medium;\"><span lang=\"fi-FI\">Rumpalit<\/span><\/span><\/span><\/li>\n<li><span style=\"font-family: Times New Roman, serif;\"><span style=\"font-size: medium;\"><span lang=\"fi-FI\">Sotilaspukuisten marssiosasto<\/span><\/span><\/span><\/li>\n<li><span style=\"font-family: Times New Roman, serif;\"><span style=\"font-size: medium;\"><span lang=\"fi-FI\">Siviiliasuisten marssiosasto<\/span><\/span><\/span><\/li>\n<li><span style=\"font-family: Times New Roman, serif;\"><span style=\"font-size: medium;\"><span lang=\"fi-FI\">Rauhanturvaajien marssiosasto<\/span><\/span><\/span><\/li>\n<\/ul>\n<p><span style=\"font-family: Times New Roman, serif;\"><span style=\"font-size: medium;\"><span lang=\"fi-FI\">Kalevankankaan hautausmaan p\u00e4\u00e4portille saapumisen j\u00e4lkeen lipuista muodostetaan lippulinna ilman lippuvartioita, jotta kaikki liput saadaan sankarihaudoilla sankarihautojen eteen riviin. Lippuvartijat siirtyv\u00e4t marssiosastoihin, jotka siirtyv\u00e4t johdetusti lippulinnan j\u00e4ljess\u00e4 sankarihautojen etupuolelle ja lippurivist\u00f6n taakse.<\/span><\/span><\/span><\/p>\n<p><span style=\"font-family: Times New Roman, serif;\"><span style=\"font-size: medium;\"><span lang=\"fi-FI\">11.45 Siirtyminen p\u00e4\u00e4portilta sankarihaudalle, jossa juhlatilaisuus klo 12.00 erillisen ohjelman mukaisesti<\/span><\/span><\/span><\/p>\n<p><span style=\"font-family: Times New Roman, serif;\"><span style=\"font-size: medium;\"><span lang=\"fi-FI\">12.45 Ohimarssi Kalevan lukion kohdalla Kalevan puistotiell\u00e4 reitill\u00e4: Kalevantie \u2013<\/span><\/span><\/span><span style=\"font-family: Times New Roman, serif;\"><span style=\"font-size: medium;\"><span lang=\"fi-FI\">Salhojankatu \u2013 Kalevan puistotie \u2013 Sammonkatu \u2013 Kalevan kirkko<\/span><\/span><\/span><\/p>\n<p><span style=\"font-family: Times New Roman, serif;\"><span style=\"font-size: medium;\"><span lang=\"fi-FI\">13.00 Jumalanpalvelus Kalevan kirkossa<\/span><\/span><\/span><\/p>\n<p><span style=\"color: #ff0000;\"><span style=\"font-family: Times New Roman, serif;\"><span style=\"font-size: medium;\"><span lang=\"fi-FI\"><a href=\"https:\/\/www.tres.fi\/wp-content\/uploads\/2021\/11\/Kutsu-itsenaisyyspaivan-marssille-2021.pdf\">Kutsu itsen\u00e4isyysp\u00e4iv\u00e4n marssille 2021<\/a><\/span><\/span><\/span><\/span><\/p>\n","protected":false},"excerpt":{"rendered":"<p>L\u00e4hde kantamaan tai vartioimaan lippua 104-vuotisen itsen\u00e4isyytemme kunniaksi! Ilmoittautuminen ja tiedustelut: juhakumpu(a)hotmail.com tai 040 7157 994. Klo 10.30 Kokoontuminen reservil\u00e4istoimistolla, V\u00e4in\u00f6l\u00e4nkatu 2, Tampere Emil Aaltosen puisto Tammelantorin it\u00e4puolella: 10.45 Kokoontuminen ja j\u00e4rjest\u00e4ytyminen 11.00 Lipputervehdys, seppeleenlasku ja Sillanp\u00e4\u00e4n marssilaulu kaksi ensimm\u00e4ist\u00e4<\/p>\n","protected":false},"author":5,"featured_media":0,"comment_status":"closed","ping_status":"closed","sticky":false,"template":"","format":"standard","meta":{"footnotes":""},"categories":[9],"tags":[14,13],"class_list":["post-1275","post","type-post","status-publish","format-standard","hentry","category-lippu-ja-kunniavartio","tag-iisenaisyyspaiva","tag-seppeleenlasku"],"_links":{"self":[{"href":"https:\/\/www.tres.fi\/index.php?rest_route=\/wp\/v2\/posts\/1275","targetHints":{"allow":["GET"]}}],"collection":[{"href":"https:\/\/www.tres.fi\/index.php?rest_route=\/wp\/v2\/posts"}],"about":[{"href":"https:\/\/www.tres.fi\/index.php?rest_route=\/wp\/v2\/types\/post"}],"author":[{"embeddable":true,"href":"https:\/\/www.tres.fi\/index.php?rest_route=\/wp\/v2\/users\/5"}],"replies":[{"embeddable":true,"href":"https:\/\/www.tres.fi\/index.php?rest_route=%2Fwp%2Fv2%2Fcomments&post=1275"}],"version-history":[{"count":1,"href":"https:\/\/www.tres.fi\/index.php?rest_route=\/wp\/v2\/posts\/1275\/revisions"}],"predecessor-version":[{"id":1277,"href":"https:\/\/www.tres.fi\/index.php?rest_route=\/wp\/v2\/posts\/1275\/revisions\/1277"}],"wp:attachment":[{"href":"https:\/\/www.tres.fi\/index.php?rest_route=%2Fwp%2Fv2%2Fmedia&parent=1275"}],"wp:term":[{"taxonomy":"category","embeddable":true,"href":"https:\/\/www.tres.fi\/index.php?rest_route=%2Fwp%2Fv2%2Fcategories&post=1275"},{"taxonomy":"post_tag","embeddable":true,"href":"https:\/\/www.tres.fi\/index.php?rest_route=%2Fwp%2Fv2%2Ftags&post=1275"}],"curies":[{"name":"wp","href":"https:\/\/api.w.org\/{rel}","templated":true}]}}