{"id":1155,"date":"2021-01-07T14:03:20","date_gmt":"2021-01-07T12:03:20","guid":{"rendered":"https:\/\/www.tres.fi\/?p=1155"},"modified":"2021-01-07T14:03:20","modified_gmt":"2021-01-07T12:03:20","slug":"tulevia-vepinaareja-2021-yleensa-tuttuun-tapaan-arki-iltaisin-klo-1700-19-zoomissa-paitsi-yksi-lauantai-20-02-klo-1300-alkaen","status":"publish","type":"post","link":"https:\/\/www.tres.fi\/?p=1155","title":{"rendered":"Tulevia vepinaareja 2021, yleens\u00e4 tuttuun tapaan arki-iltaisin klo 1700-19 Zoomissa (*** PAITSI yksi lauantai 20.02. klo 1300 alkaen ***)"},"content":{"rendered":"<p>&#8211; 12.01.2021 henkiinj\u00e4\u00e4minen<\/p>\n<p>Henkiinj\u00e4\u00e4minen, selviytyminen, eloonj\u00e4\u00e4minen, p\u00e4rj\u00e4\u00e4minen. Harvoille reservil\u00e4iselle fyysisesti konkreettinen asia, mutta ei vara venett\u00e4 kaada eli on hyv\u00e4 lis\u00e4t\u00e4 joitakin asioita muistin sopukoihin.<\/p>\n<p>Vaikka henkinen kantti useimmiten onkin se selviytymist\u00e4 rajoittava tekij\u00e4 ulkoilmassa ja maastossa, ei arjen henkiseen jaksamiseen, kiireiseen viihde-el\u00e4m\u00e4\u00e4n ja hulluihin ty\u00f6m\u00e4\u00e4riin t\u00e4ss\u00e4 puututa.<\/p>\n<p>Suomen luonnossa ei ole mit\u00e4\u00e4n h\u00e4t\u00e4\u00e4, jos vain saa tulet tehty\u00e4. Eli se kylmyys on ykk\u00f6svakavuus ymp\u00e4ri vuoden. Juomavett\u00e4 l\u00f6ytyy muodossa tai toisessa, s\u00e4\u00e4lt\u00e4 voi suojautua monella tavalla. Sitten voi odotella apua, MIK\u00c4LI joku osaa kaivata sinua (eli reissu on l\u00e4heisten tiedossa). Yleens\u00e4 ei kannata l\u00e4hte\u00e4 &#8221;hortoilemaan&#8221; ilman varmaa paikkatietoa, se vain vaikeuttaa mahdollisia etsint\u00f6j\u00e4. Mutta kukapa suomalainen (ainakaan mies) kehtaisi tunnustaa eksyneens\u00e4 mets\u00e4\u00e4n&#8230; \u00f6h.<\/p>\n<p>&#8211; 10.02.2021 maastoensiapu<\/p>\n<p>Ensiapukurssit kannattaa k\u00e4yd\u00e4 ihan itsesuojeluvaistonkin sanelemana, ainakin h\u00e4t\u00e4ensiapu ja EA1. Todenn\u00e4k\u00f6isesti et itse tarvitse niit\u00e4 taitoja, mutta kenties joku muu l\u00e4hell\u00e4si tai osut jonnekin tapahtumapaikalle. Nykyisin koulutusta tarjoaa moni muukin taho kuin vanha tuttu ja turvallinen SPR. Usein ty\u00f6paikalla saa ainakin h\u00e4t\u00e4ensiavun k\u00e4yty\u00e4, kun vain kysyy.<\/p>\n<p>Mutta mit\u00e4s sitten kun maastoreissulla tulee isompi haaveri ? Ei se pelastusheko nouda nilkkansa nyrj\u00e4ytt\u00e4nytt\u00e4 retkeilij\u00e4\u00e4 (niinkuin elokuvissa), eik\u00e4 ainakaan heti varttitunnissa. Kannattaako k\u00e4ytt\u00e4\u00e4 tilap\u00e4isv\u00e4lineit\u00e4 vai odottaa apua ? Ent\u00e4 onko kova p\u00e4\u00e4ns\u00e4rky vakavaa ?<\/p>\n<p>Reissussa kannattaa pit\u00e4\u00e4 pieni ea-varustus aina mukana omiksi tarpeiksi, joko housujen taskuissa tai vy\u00f6ll\u00e4 pikkulaukussa. Repussa tai takissa olevat varusteet eiv\u00e4t ehk\u00e4 aina ole mukana silloin kun niit\u00e4 tarvittaisiin. Porukalla voi sitten olla yhteinen isompi pakkaus.<\/p>\n<p>&#8211; 20.02.2021 Arjen viestiv\u00e4lineist\u00e4 ja ratkaisuista (POIKKEUS: klo 1300-)<\/p>\n<p>Puolustusvoimat alkoi puhua &#8221;Arjen viestiv\u00e4lineist\u00e4, -ratkaisuista ja -j\u00e4rjestelmist\u00e4&#8221; 2016. &#8221;Vihreit\u00e4 radioita&#8221; ei paikallisjoukoille tositilanteessa riitt\u00e4isik\u00e4\u00e4n. Periaate on, ett\u00e4 k\u00e4ytet\u00e4\u00e4n tietokoneverkkoa ja s\u00e4hk\u00f6verkkoa niin pitk\u00e4\u00e4n kuin ne ovat saatavilla (digitaaliset siviiliratkaisut, COTS). Sen j\u00e4lkeen pit\u00e4\u00e4 tyyty\u00e4 analogisiin (esim. LA\/PR-27, VHF68, PMR446) ja manuaalisiin (esim. moottori- ja polkupy\u00f6r\u00e4, m\u00f6nkij\u00e4) viestiv\u00e4lineisiin ja ratkaisuihin. Kertausharjoituksissa muutamia ratkaisuja on jo kokeiltu, ja MPK:n kursseja t\u00e4st\u00e4 aihepiirist\u00e4 oli viime vuonna, lis\u00e4\u00e4 on tulossa 2021.<\/p>\n<p>&#8211; 03.03.2021 viestiaselajin syntyvaiheet<\/p>\n<p>Kunniakkaan viestiaselajin h\u00e4m\u00e4r\u00e4 syntyhistoria tiedonantojoukoista jonnekin 1920-luvun alkupuolelle. Mist\u00e4h\u00e4n se sana &#8221;viesti&#8221; oikein tuli k\u00e4ytt\u00f6\u00f6n, 1925\/1926 ? Ja miksi punasinerv\u00e4 aselajiv\u00e4ri ? Onko urheiden ja uljaiden viestimiesten DNA:ssa pinohiirien ja tykkijullien geenej\u00e4 ? Alkoiko kaikki Tiedonanto-osastosta ? Mit\u00e4 puuhattiin kentt\u00e4s\u00e4hk\u00f6lenn\u00e4tinpataljoonassa 1918 ? Miksi 05.03. on viestiaselajin vuosip\u00e4iv\u00e4 ?<\/p>\n<p>&#8211; 15.04.2021 jotosvinkkej\u00e4<\/p>\n<p>Mik\u00e4 tai mit\u00e4 jotos oikein on ? Eik\u00f6h\u00e4n vuonna 2021 jo joitakin jotoksia taas ole jossakin, joten vepinaari-ilta kertoo ydinasiat jotostelusta. Varusteet, teht\u00e4v\u00e4t, toiminta, valmistautuminen. Kokemuksia ja vinkkej\u00e4. Huomaa ett\u00e4 YouTubesta l\u00f6ytyy joitakin jotosvideoita.<\/p>\n<p>&#8211; 05.05.2021 maastotaidot<\/p>\n<p>Perusasioiden sulan maan maastotaitojen ja -toiminnan ilta. Pohjatietoa talvitaidoille ja henkiinj\u00e4\u00e4miskursseille.<\/p>\n<p>= = = = = = = = = =<\/p>\n<p>Zoom-linkkiteksti l\u00f6ytyy PiVin verkkosivuilta<br \/>\nhttps:\/\/pirkanviesti.fi\/tapahtumat\/<\/p>\n<p>Materiaali-pdf l\u00f6ytyy vepinaarin alkuhetkell\u00e4 PiVin verkkosivuilta<\/p>\n<blockquote class=\"wp-embedded-content\" data-secret=\"AXJ4jFs7lj\"><p><a href=\"https:\/\/pirkanviesti.fi\/toiminta\/maastotoiminta\/webinaarien-materiaali\/\">Webinaarien materiaali<\/a><\/p><\/blockquote>\n<p><iframe loading=\"lazy\" class=\"wp-embedded-content\" sandbox=\"allow-scripts\" security=\"restricted\" style=\"position: absolute; clip: rect(1px, 1px, 1px, 1px);\" title=\"&#8221;Webinaarien materiaali&#8221; &#8212; Pirkan Viesti\" src=\"https:\/\/pirkanviesti.fi\/toiminta\/maastotoiminta\/webinaarien-materiaali\/embed\/#?secret=AXJ4jFs7lj\" data-secret=\"AXJ4jFs7lj\" width=\"600\" height=\"338\" frameborder=\"0\" marginwidth=\"0\" marginheight=\"0\" scrolling=\"no\"><\/iframe><\/p>\n<p>J\u00e4rjest\u00e4j\u00e4t yhteisty\u00f6ss\u00e4: TaKoRU, Pirkanmaan reservipiirien Maastotoimikunta, Vapepan Tampereen paikallistoimikunta, Pirkanmaan Viestikilta.<\/p>\n<p>= = = = = = = = = = = = = = = = = = = =<\/p>\n","protected":false},"excerpt":{"rendered":"<p>&#8211; 12.01.2021 henkiinj\u00e4\u00e4minen Henkiinj\u00e4\u00e4minen, selviytyminen, eloonj\u00e4\u00e4minen, p\u00e4rj\u00e4\u00e4minen. Harvoille reservil\u00e4iselle fyysisesti konkreettinen asia, mutta ei vara venett\u00e4 kaada eli on hyv\u00e4 lis\u00e4t\u00e4 joitakin asioita muistin sopukoihin. Vaikka henkinen kantti useimmiten onkin se selviytymist\u00e4 rajoittava tekij\u00e4 ulkoilmassa ja maastossa, ei arjen henkiseen<\/p>\n","protected":false},"author":1,"featured_media":0,"comment_status":"closed","ping_status":"closed","sticky":false,"template":"","format":"standard","meta":{"footnotes":""},"categories":[5],"tags":[],"class_list":["post-1155","post","type-post","status-publish","format-standard","hentry","category-maasto"],"_links":{"self":[{"href":"https:\/\/www.tres.fi\/index.php?rest_route=\/wp\/v2\/posts\/1155","targetHints":{"allow":["GET"]}}],"collection":[{"href":"https:\/\/www.tres.fi\/index.php?rest_route=\/wp\/v2\/posts"}],"about":[{"href":"https:\/\/www.tres.fi\/index.php?rest_route=\/wp\/v2\/types\/post"}],"author":[{"embeddable":true,"href":"https:\/\/www.tres.fi\/index.php?rest_route=\/wp\/v2\/users\/1"}],"replies":[{"embeddable":true,"href":"https:\/\/www.tres.fi\/index.php?rest_route=%2Fwp%2Fv2%2Fcomments&post=1155"}],"version-history":[{"count":1,"href":"https:\/\/www.tres.fi\/index.php?rest_route=\/wp\/v2\/posts\/1155\/revisions"}],"predecessor-version":[{"id":1156,"href":"https:\/\/www.tres.fi\/index.php?rest_route=\/wp\/v2\/posts\/1155\/revisions\/1156"}],"wp:attachment":[{"href":"https:\/\/www.tres.fi\/index.php?rest_route=%2Fwp%2Fv2%2Fmedia&parent=1155"}],"wp:term":[{"taxonomy":"category","embeddable":true,"href":"https:\/\/www.tres.fi\/index.php?rest_route=%2Fwp%2Fv2%2Fcategories&post=1155"},{"taxonomy":"post_tag","embeddable":true,"href":"https:\/\/www.tres.fi\/index.php?rest_route=%2Fwp%2Fv2%2Ftags&post=1155"}],"curies":[{"name":"wp","href":"https:\/\/api.w.org\/{rel}","templated":true}]}}